{"id":554,"date":"2014-02-01T21:23:20","date_gmt":"2014-02-01T19:23:20","guid":{"rendered":"http:\/\/www.tanergunes.org\/tr\/?p=103"},"modified":"2014-02-01T21:23:20","modified_gmt":"2014-02-01T19:23:20","slug":"omuz-dirsek-cerrahisi-dernegi-kapali-toplantisi-17-18-ocak-2014-sarikamis-kars-2","status":"publish","type":"post","link":"https:\/\/tanergunes.org\/index.php\/2014\/02\/01\/omuz-dirsek-cerrahisi-dernegi-kapali-toplantisi-17-18-ocak-2014-sarikamis-kars-2\/","title":{"rendered":"Omuz Dirsek Cerrahisi Derne\u011fi Kapal\u0131 Toplant\u0131s\u0131, 17-18 Ocak 2014 &#8211; Sar\u0131kam\u0131\u015f, Kars"},"content":{"rendered":"<p>Omuz Dirsek Cerrahisi Derne\u011finin her y\u0131l Ocak ay\u0131nda d\u00fczenledi\u011fi sadece aktif \u00fcyelerin kat\u0131ld\u0131\u011f\u0131 kapal\u0131 toplant\u0131 bu sene Kars ilimizin Sar\u0131kam\u0131\u015f <a href=\"http:\/\/www.tanergunes.org\/tr\/wp-content\/uploads\/2014\/02\/IMG_1653.jpg\"><img loading=\"lazy\" decoding=\"async\" class=\"size-medium wp-image-104 alignright\" alt=\"Katilimcilar\" src=\"http:\/\/www.tanergunes.org\/tr\/wp-content\/uploads\/2014\/02\/IMG_1653-300x225.jpg\" width=\"300\" height=\"225\" \/><\/a>il\u00e7esinde 17-18 Ocak 2014 tarihleri aras\u0131nda ger\u00e7ekle\u015ftirildi. Bu toplant\u0131lar\u0131n format\u0131nda sosyal program bilimsel programdan daha fazla \u00f6ne \u00e7\u0131kmaktad\u0131r. \u00dcyelerin aileleri ile kat\u0131ld\u0131\u011f\u0131 bu toplant\u0131larda \u00fcyeler ve aileler aras\u0131nda sosyal ili\u015fkilerin art\u0131r\u0131lmas\u0131 ama\u00e7lanmaktad\u0131r. Bilimsel formatta her g\u00fcne bir konu se\u00e7ilerek o konu hakk\u0131ndaki en son literat\u00fcr bilgisi g\u00f6zden ge\u00e7irildikten sonra kat\u0131l\u0131mc\u0131lar\u0131n vakalar\u0131 sunulmakta ve vakalar \u00fczerinden g\u00fcncel tedavi y\u00f6ntemleri ve sorunlar tart\u0131\u015f\u0131lmaktad\u0131r. Bu a\u00e7\u0131dan olduk\u00e7a verimli ve g\u00fcnl\u00fck prati\u011fe olduk\u00e7a faydal\u0131 bilgiler \u00fcyeler aras\u0131nda aktar\u0131lmaktad\u0131r.<\/p>\n<p>Bu seneki toplant\u0131n\u0131n organizasyonunu Prof.Dr. Mustafa Yel olduk\u00e7a titiz bir \u015fekilde yerine getirdi. O tarihler aras\u0131nda \u00fclkemizde en fazla kar&#8217;\u0131n oldu\u011fu kayak merkezinin Sar\u0131kam\u0131\u015f olmas\u0131 kayakseverleri a\u00e7\u0131s\u0131ndan olduk\u00e7a memnuniyet verici idi. Bu toplant\u0131daki konular omuz instabilitesi ve dirsek artroskopisi idi. Olduk\u00e7a verimli ge\u00e7en toplant\u0131da Do\u00e7.Dr. Kerem Canbora omuz instabilitesi ve Do\u00e7.Dr. Nuri Ayd\u0131n dirsek artroskopisi konusundaki son geli\u015fmeler ve konseptlerden bahsetti.<\/p>\n<p>Sar\u0131kam\u0131\u015fa ailem ile birlikte ilk defa gittik. Ankara &#8211; Kars u\u00e7u\u015fu yakla\u015f\u0131k 1,5 saat s\u00fcrd\u00fc. Havalan\u0131ndan bagajalr\u0131m\u0131z\u0131 ald\u0131ktan sonra 45 dakika i\u00e7inde Sar\u0131kam\u0131\u015f&#8217;ta Toprak Hotele giri\u015f yapt\u0131k. Bu a\u00e7\u0131dan san\u0131r\u0131m kayakseverler a\u00e7\u0131s\u0131ndan olduk\u00e7a \u00f6nemli. \u00c7\u00fcnk\u00fc havaalan\u0131na indikten en fazla 2 saat i\u00e7inde pistte kayar hale gelmek m\u00fcmk\u00fcn.<\/p>\n<p style=\"text-align: center;\"><a href=\"http:\/\/www.tanergunes.org\/tr\/wp-content\/uploads\/2014\/02\/Sarikamis1.jpg\"><img loading=\"lazy\" decoding=\"async\" class=\"size-medium wp-image-106\" alt=\"Sarikamis1\" src=\"http:\/\/www.tanergunes.org\/tr\/wp-content\/uploads\/2014\/02\/Sarikamis1-300x225.jpg\" width=\"300\" height=\"225\" \/><\/a> <a href=\"http:\/\/www.tanergunes.org\/tr\/wp-content\/uploads\/2014\/02\/Sarikamis2.jpg\"><img loading=\"lazy\" decoding=\"async\" class=\"size-medium wp-image-107 alignnone\" alt=\"Sarikamis2\" src=\"http:\/\/www.tanergunes.org\/tr\/wp-content\/uploads\/2014\/02\/Sarikamis2-300x225.jpg\" width=\"300\" height=\"225\" \/><\/a><\/p>\n<p>Sar\u0131kam\u0131\u015f&#8217;da manzara \u00e7ok g\u00fczel. her ne kadar o \u00fcnl\u00fc kar ya\u011f\u0131\u015f\u0131n\u0131 g\u00f6remesekte orman ve zirveden Sar\u0131kam\u0131\u015f manzaras\u0131 muhte\u015femdi. Ayr\u0131ca Kars kaz\u0131n\u0131 da tatma \u015fans\u0131 bulduk. Yan\u0131ndaki bulgur pilav\u0131 ile birlikte olduk\u00e7a g\u00fczeldi.<\/p>\n<p><a href=\"http:\/\/www.tanergunes.org\/tr\/wp-content\/uploads\/2014\/02\/IMG_1648.jpg\"><img loading=\"lazy\" decoding=\"async\" class=\"size-medium wp-image-108 aligncenter\" alt=\"Kaz\" src=\"http:\/\/www.tanergunes.org\/tr\/wp-content\/uploads\/2014\/02\/IMG_1648-300x225.jpg\" width=\"300\" height=\"225\" \/><\/a><\/p>\n<p>&nbsp;<\/p>\n","protected":false},"excerpt":{"rendered":"<p>Omuz Dirsek Cerrahisi Derne\u011finin her y\u0131l Ocak ay\u0131nda d\u00fczenledi\u011fi sadece aktif \u00fcyelerin kat\u0131ld\u0131\u011f\u0131 kapal\u0131 toplant\u0131 bu sene Kars ilimizin Sar\u0131kam\u0131\u015f il\u00e7esinde 17-18 Ocak 2014 tarihleri aras\u0131nda ger\u00e7ekle\u015ftirildi. Bu toplant\u0131lar\u0131n format\u0131nda sosyal program bilimsel programdan daha fazla \u00f6ne \u00e7\u0131kmaktad\u0131r. \u00dcyelerin aileleri ile kat\u0131ld\u0131\u011f\u0131 bu toplant\u0131larda \u00fcyeler ve aileler aras\u0131nda sosyal ili\u015fkilerin art\u0131r\u0131lmas\u0131 ama\u00e7lanmaktad\u0131r. Bilimsel formatta her &hellip; <\/p>\n<p class=\"link-more\"><a href=\"https:\/\/tanergunes.org\/index.php\/2014\/02\/01\/omuz-dirsek-cerrahisi-dernegi-kapali-toplantisi-17-18-ocak-2014-sarikamis-kars-2\/\" class=\"more-link\">Continue reading<span class=\"screen-reader-text\"> &#8220;Omuz Dirsek Cerrahisi Derne\u011fi Kapal\u0131 Toplant\u0131s\u0131, 17-18 Ocak 2014 &#8211; Sar\u0131kam\u0131\u015f, Kars&#8221;<\/span><\/a><\/p>\n","protected":false},"author":1,"featured_media":0,"comment_status":"closed","ping_status":"open","sticky":false,"template":"","format":"standard","meta":{"footnotes":""},"categories":[1],"tags":[11,12,13,14,15],"class_list":["post-554","post","type-post","status-publish","format-standard","hentry","category-genel","tag-kapali-toplanti","tag-kars","tag-kayak","tag-omuz-dirsek-cerrahisi-dernegi","tag-sarikamis"],"_links":{"self":[{"href":"https:\/\/tanergunes.org\/index.php\/wp-json\/wp\/v2\/posts\/554","targetHints":{"allow":["GET"]}}],"collection":[{"href":"https:\/\/tanergunes.org\/index.php\/wp-json\/wp\/v2\/posts"}],"about":[{"href":"https:\/\/tanergunes.org\/index.php\/wp-json\/wp\/v2\/types\/post"}],"author":[{"embeddable":true,"href":"https:\/\/tanergunes.org\/index.php\/wp-json\/wp\/v2\/users\/1"}],"replies":[{"embeddable":true,"href":"https:\/\/tanergunes.org\/index.php\/wp-json\/wp\/v2\/comments?post=554"}],"version-history":[{"count":0,"href":"https:\/\/tanergunes.org\/index.php\/wp-json\/wp\/v2\/posts\/554\/revisions"}],"wp:attachment":[{"href":"https:\/\/tanergunes.org\/index.php\/wp-json\/wp\/v2\/media?parent=554"}],"wp:term":[{"taxonomy":"category","embeddable":true,"href":"https:\/\/tanergunes.org\/index.php\/wp-json\/wp\/v2\/categories?post=554"},{"taxonomy":"post_tag","embeddable":true,"href":"https:\/\/tanergunes.org\/index.php\/wp-json\/wp\/v2\/tags?post=554"}],"curies":[{"name":"wp","href":"https:\/\/api.w.org\/{rel}","templated":true}]}}