{"id":585,"date":"2015-09-08T21:59:33","date_gmt":"2015-09-08T18:59:33","guid":{"rendered":"http:\/\/www.tanergunes.org\/tr\/?p=376"},"modified":"2015-09-08T21:59:33","modified_gmt":"2015-09-08T18:59:33","slug":"camiliyayla-kamp","status":"publish","type":"post","link":"https:\/\/tanergunes.org\/index.php\/2015\/09\/08\/camiliyayla-kamp\/","title":{"rendered":"Camiliyayla kamp"},"content":{"rendered":"<p>Asl\u0131nda trekking faaliyetinin tam kar\u015f\u0131l\u0131\u011f\u0131 k\u0131sa s\u00fcreli (1-2 g\u00fcn) kamp ile birlikte yap\u0131lan do\u011fa y\u00fcr\u00fcy\u00fc\u015fleridir. Bu sefer Boz\u00fcy\u00fck il\u00e7esinin Camili yayla k\u00f6y\u00fcnde yakla\u015f\u0131k 1300 metre rak\u0131mda kamp yapma imkan\u0131 bulduk. Daha \u00f6nce Saroz da deniz kenar\u0131nda denedi\u011fim Loap berg 2 evo \u00e7ad\u0131r\u0131 da\u011fda deneme imkan\u0131 buldum. Kamp yerine ak\u015fam saat 21:00 de gitmeme ra\u011fmen az \u0131\u015f\u0131kta h\u0131zl\u0131 ve pratik bir \u015fekilde \u00e7ad\u0131r kuruldu. Sabaha kar\u015f\u0131 olduk\u00e7a so\u011fuk olmas\u0131na (mevsim normallerine g\u00f6re) ra\u011fmen so\u011fuk \u00e7ok problem olmad\u0131. Sabah benim de katk\u0131mda haz\u0131rlad\u0131\u011f\u0131m\u0131z nefis bir kahvalt\u0131 m\u00fckemmeldi. Ayr\u0131ca da\u011fdan toplad\u0131\u011f\u0131m\u0131z kekik ve b\u00f6\u011f\u00fcrtlen yapraklar\u0131 ile yapt\u0131\u011f\u0131m\u0131z \u00e7ay hepimizi tazelendirdi.&nbsp;<\/p>\n<p>&nbsp;<a href=\"https:\/\/www.tanergunes.org\/tr\/wp-content\/uploads\/2015\/09\/IMG_0880.jpg\"><img decoding=\"async\" src=\"https:\/\/www.tanergunes.org\/tr\/wp-content\/uploads\/2015\/09\/IMG_0880.jpg\" alt=\"\"><\/a>&nbsp;<\/p>\n","protected":false},"excerpt":{"rendered":"<p>Asl\u0131nda trekking faaliyetinin tam kar\u015f\u0131l\u0131\u011f\u0131 k\u0131sa s\u00fcreli (1-2 g\u00fcn) kamp ile birlikte yap\u0131lan do\u011fa y\u00fcr\u00fcy\u00fc\u015fleridir. Bu sefer Boz\u00fcy\u00fck il\u00e7esinin Camili yayla k\u00f6y\u00fcnde yakla\u015f\u0131k 1300 metre rak\u0131mda kamp yapma imkan\u0131 bulduk. Daha \u00f6nce Saroz da deniz kenar\u0131nda denedi\u011fim Loap berg 2 evo \u00e7ad\u0131r\u0131 da\u011fda deneme imkan\u0131 buldum. Kamp yerine ak\u015fam saat 21:00 de gitmeme ra\u011fmen az &hellip; <\/p>\n<p class=\"link-more\"><a href=\"https:\/\/tanergunes.org\/index.php\/2015\/09\/08\/camiliyayla-kamp\/\" class=\"more-link\">Continue reading<span class=\"screen-reader-text\"> &#8220;Camiliyayla kamp&#8221;<\/span><\/a><\/p>\n","protected":false},"author":1,"featured_media":0,"comment_status":"closed","ping_status":"open","sticky":false,"template":"","format":"standard","meta":{"footnotes":""},"categories":[1],"tags":[],"class_list":["post-585","post","type-post","status-publish","format-standard","hentry","category-genel"],"_links":{"self":[{"href":"https:\/\/tanergunes.org\/index.php\/wp-json\/wp\/v2\/posts\/585","targetHints":{"allow":["GET"]}}],"collection":[{"href":"https:\/\/tanergunes.org\/index.php\/wp-json\/wp\/v2\/posts"}],"about":[{"href":"https:\/\/tanergunes.org\/index.php\/wp-json\/wp\/v2\/types\/post"}],"author":[{"embeddable":true,"href":"https:\/\/tanergunes.org\/index.php\/wp-json\/wp\/v2\/users\/1"}],"replies":[{"embeddable":true,"href":"https:\/\/tanergunes.org\/index.php\/wp-json\/wp\/v2\/comments?post=585"}],"version-history":[{"count":0,"href":"https:\/\/tanergunes.org\/index.php\/wp-json\/wp\/v2\/posts\/585\/revisions"}],"wp:attachment":[{"href":"https:\/\/tanergunes.org\/index.php\/wp-json\/wp\/v2\/media?parent=585"}],"wp:term":[{"taxonomy":"category","embeddable":true,"href":"https:\/\/tanergunes.org\/index.php\/wp-json\/wp\/v2\/categories?post=585"},{"taxonomy":"post_tag","embeddable":true,"href":"https:\/\/tanergunes.org\/index.php\/wp-json\/wp\/v2\/tags?post=585"}],"curies":[{"name":"wp","href":"https:\/\/api.w.org\/{rel}","templated":true}]}}